{"id":11396,"date":"2026-01-25T07:00:47","date_gmt":"2026-01-25T10:00:47","guid":{"rendered":"https:\/\/www.ceabbrasil.com.br\/blog\/?p=11396"},"modified":"2026-01-24T09:19:38","modified_gmt":"2026-01-24T12:19:38","slug":"sao-paulo-472-anos-aviacao-brasileira","status":"publish","type":"post","link":"https:\/\/www.ceabbrasil.com.br\/blog\/sao-paulo-472-anos-aviacao-brasileira\/","title":{"rendered":"S\u00e3o Paulo: 472 Anos. O Cora\u00e7\u00e3o da Avia\u00e7\u00e3o Nacional"},"content":{"rendered":"<p data-start=\"119\" data-end=\"387\">Celebrar S\u00e3o Paulo: 472 anos \u00e9 celebrar <a href=\"https:\/\/www.ceabbrasil.com.br\/blog\/como-e-ser-comissario-de-bordo-nas-capitais-brasileiras\/\">movimento, conex\u00f5es e futuro<\/a>. A cidade que pulsa 24 horas por dia tamb\u00e9m \u00e9 o maior motor da avia\u00e7\u00e3o brasileira. Aqui, neg\u00f3cios encontram turismo, sonhos ganham asas e milh\u00f5es de pessoas cruzam o pa\u00eds e o mundo todos os anos.<\/p>\n<p data-start=\"389\" data-end=\"585\">N\u00e3o \u00e9 exagero dizer que S\u00e3o Paulo sustenta a espinha dorsal da avia\u00e7\u00e3o nacional. E para quem sonha em construir uma carreira no setor, entender essa import\u00e2ncia \u00e9 enxergar oportunidades reais.<\/p>\n<h2 data-start=\"592\" data-end=\"640\">S\u00e3o Paulo no Centro da Avia\u00e7\u00e3o Brasileira<\/h2>\n<p data-start=\"641\" data-end=\"867\"><span class=\"hover:entity-accent entity-underline inline cursor-pointer align-baseline\"><span class=\"whitespace-normal\">S\u00e3o Paulo<\/span><\/span> \u00e9 o principal hub a\u00e9reo do Brasil. A cidade concentra aeroportos estrat\u00e9gicos que conectam o pa\u00eds a todos os continentes, movimentando passageiros, cargas e profissionais em escala global.<\/p>\n<h3 data-start=\"869\" data-end=\"927\">Por que S\u00e3o Paulo \u00e9 t\u00e3o estrat\u00e9gica para a avia\u00e7\u00e3o<\/h3>\n<ul data-start=\"928\" data-end=\"1182\">\n<li data-start=\"928\" data-end=\"972\">\n<p data-start=\"930\" data-end=\"972\">Maior centro econ\u00f4mico da Am\u00e9rica Latina<\/p>\n<\/li>\n<li data-start=\"973\" data-end=\"1011\">\n<p data-start=\"975\" data-end=\"1011\">Principal polo corporativo do pa\u00eds<\/p>\n<\/li>\n<li data-start=\"1012\" data-end=\"1062\">\n<p data-start=\"1014\" data-end=\"1062\">Alto fluxo de turismo nacional e internacional<\/p>\n<\/li>\n<li data-start=\"1063\" data-end=\"1117\">\n<p data-start=\"1065\" data-end=\"1117\">Concentra\u00e7\u00e3o de sedes e bases de companhias a\u00e9reas<\/p>\n<\/li>\n<li data-start=\"1118\" data-end=\"1182\">\n<p data-start=\"1120\" data-end=\"1182\">Infraestrutura aeroportu\u00e1ria robusta e em constante expans\u00e3o<\/p>\n<\/li>\n<\/ul>\n<p data-start=\"1184\" data-end=\"1272\">Tudo isso transforma a cidade em um ponto de partida e chegada essencial para a avia\u00e7\u00e3o.<\/p>\n<p data-start=\"1184\" data-end=\"1272\"><img fetchpriority=\"high\" decoding=\"async\" class=\"aligncenter size-medium wp-image-11397\" src=\"https:\/\/www.ceabbrasil.com.br\/blog\/wp-content\/uploads\/2026\/01\/sao-paulo-aviacao-300x200.avif\" alt=\"S\u00e3o Paulo - Avia\u00e7\u00e3o\" width=\"300\" height=\"200\" title=\"\" srcset=\"https:\/\/www.ceabbrasil.com.br\/blog\/wp-content\/uploads\/2026\/01\/sao-paulo-aviacao-300x200.avif 300w, https:\/\/www.ceabbrasil.com.br\/blog\/wp-content\/uploads\/2026\/01\/sao-paulo-aviacao-1024x683.avif 1024w, https:\/\/www.ceabbrasil.com.br\/blog\/wp-content\/uploads\/2026\/01\/sao-paulo-aviacao-768x512.avif 768w, https:\/\/www.ceabbrasil.com.br\/blog\/wp-content\/uploads\/2026\/01\/sao-paulo-aviacao.avif 1200w\" sizes=\"(max-width: 300px) 100vw, 300px\" \/><\/p>\n<h2 data-start=\"1279\" data-end=\"1315\">Aeroportos Que Movem o Brasil<\/h2>\n<p data-start=\"1316\" data-end=\"1426\">S\u00e3o Paulo abriga alguns dos aeroportos mais importantes do pa\u00eds, respons\u00e1veis por milh\u00f5es de opera\u00e7\u00f5es ao ano.<\/p>\n<h3 data-start=\"1428\" data-end=\"1469\">Destaques da infraestrutura a\u00e9rea<\/h3>\n<ul data-start=\"1470\" data-end=\"1749\">\n<li data-start=\"1470\" data-end=\"1583\">\n<p data-start=\"1472\" data-end=\"1583\"><span class=\"hover:entity-accent entity-underline inline cursor-pointer align-baseline\"><span class=\"whitespace-normal\">Aeroporto Internacional de Guarulhos<\/span><\/span>, o maior aeroporto do Brasil e principal porta de entrada internacional<\/p>\n<\/li>\n<li data-start=\"1584\" data-end=\"1670\">\n<p data-start=\"1586\" data-end=\"1670\"><span class=\"hover:entity-accent entity-underline inline cursor-pointer align-baseline\"><span class=\"whitespace-normal\">Aeroporto de Congonhas<\/span><\/span>, refer\u00eancia em voos dom\u00e9sticos e ponte a\u00e9rea<\/p>\n<\/li>\n<li data-start=\"1671\" data-end=\"1749\">\n<p data-start=\"1673\" data-end=\"1749\"><span class=\"hover:entity-accent entity-underline inline cursor-pointer align-baseline\"><span class=\"whitespace-normal\">Aeroporto de Viracopos<\/span><\/span>, destaque em cargas e voos nacionais<\/p>\n<\/li>\n<\/ul>\n<p data-start=\"1751\" data-end=\"1866\">Essa estrutura sustenta milhares de voos di\u00e1rios e impulsiona a gera\u00e7\u00e3o de empregos diretos e indiretos na avia\u00e7\u00e3o.<\/p>\n<h2 data-start=\"1873\" data-end=\"1919\">Onde Nascem as Oportunidades na Avia\u00e7\u00e3o<\/h2>\n<p data-start=\"1920\" data-end=\"2040\">Com tanto movimento, S\u00e3o Paulo se torna um dos melhores lugares do Brasil para iniciar e desenvolver uma carreira a\u00e9rea.<\/p>\n<p data-start=\"2042\" data-end=\"2061\">A cidade concentra:<\/p>\n<ul data-start=\"2062\" data-end=\"2285\">\n<li data-start=\"2062\" data-end=\"2096\">\n<p data-start=\"2064\" data-end=\"2096\">Processos seletivos frequentes<\/p>\n<\/li>\n<li data-start=\"2097\" data-end=\"2140\">\n<p data-start=\"2099\" data-end=\"2140\">Bases operacionais de companhias a\u00e9reas<\/p>\n<\/li>\n<li data-start=\"2141\" data-end=\"2178\">\n<p data-start=\"2143\" data-end=\"2178\">Centros de treinamento e forma\u00e7\u00e3o<\/p>\n<\/li>\n<li data-start=\"2179\" data-end=\"2220\">\n<p data-start=\"2181\" data-end=\"2220\">Alta demanda por comiss\u00e1rios de bordo<\/p>\n<\/li>\n<li data-start=\"2221\" data-end=\"2285\">\n<p data-start=\"2223\" data-end=\"2285\">Grande necessidade de agentes de aeroporto e equipes de solo<\/p>\n<\/li>\n<\/ul>\n<p data-start=\"2287\" data-end=\"2346\">Para quem se prepara, S\u00e3o Paulo \u00e9 sin\u00f4nimo de porta aberta.<\/p>\n<h2 data-start=\"2353\" data-end=\"2410\">S\u00e3o Paulo e a Forma\u00e7\u00e3o de Profissionais da Avia\u00e7\u00e3o<\/h2>\n<p data-start=\"2411\" data-end=\"2555\">N\u00e3o por acaso, as principais escolas de avia\u00e7\u00e3o do pa\u00eds est\u00e3o em S\u00e3o Paulo. A cidade re\u00fane estrutura, mercado e oportunidades em um \u00fanico lugar.<\/p>\n<p data-start=\"2557\" data-end=\"2588\">Estudar em S\u00e3o Paulo significa:<\/p>\n<ul data-start=\"2589\" data-end=\"2748\">\n<li data-start=\"2589\" data-end=\"2628\">\n<p data-start=\"2591\" data-end=\"2628\">Estar pr\u00f3ximo das companhias a\u00e9reas<\/p>\n<\/li>\n<li data-start=\"2629\" data-end=\"2666\">\n<p data-start=\"2631\" data-end=\"2666\">Viver o dia a dia real da avia\u00e7\u00e3o<\/p>\n<\/li>\n<li data-start=\"2667\" data-end=\"2701\">\n<p data-start=\"2669\" data-end=\"2701\">Acompanhar tend\u00eancias do setor<\/p>\n<\/li>\n<li data-start=\"2702\" data-end=\"2748\">\n<p data-start=\"2704\" data-end=\"2748\">Ter acesso a eventos, open days e sele\u00e7\u00f5es<\/p>\n<\/li>\n<\/ul>\n<p data-start=\"2750\" data-end=\"2787\">\u00c9 onde teoria e pr\u00e1tica se encontram.<\/p>\n<h2 data-start=\"2794\" data-end=\"2842\">Avia\u00e7\u00e3o, Sonhos e Hist\u00f3rias que se Cruzam<\/h2>\n<p data-start=\"2843\" data-end=\"2990\">Ao completar 472 anos, S\u00e3o Paulo continua sendo palco de hist\u00f3rias que se cruzam nos aeroportos, nas cabines, nos balc\u00f5es de check-in e nas pistas.<\/p>\n<p data-start=\"2992\" data-end=\"3012\">Cada voo representa:<\/p>\n<ul data-start=\"3013\" data-end=\"3132\">\n<li data-start=\"3013\" data-end=\"3031\">\n<p data-start=\"3015\" data-end=\"3031\">Um novo come\u00e7o<\/p>\n<\/li>\n<li data-start=\"3032\" data-end=\"3058\">\n<p data-start=\"3034\" data-end=\"3058\">Uma carreira que nasce<\/p>\n<\/li>\n<li data-start=\"3059\" data-end=\"3088\">\n<p data-start=\"3061\" data-end=\"3088\">Um sonho que sai do papel<\/p>\n<\/li>\n<li data-start=\"3089\" data-end=\"3132\">\n<p data-start=\"3091\" data-end=\"3132\">Uma cidade que segue conectando pessoas<\/p>\n<\/li>\n<\/ul>\n<p data-start=\"3134\" data-end=\"3223\">S\u00e3o Paulo n\u00e3o apenas cresce. Ela impulsiona o crescimento de quem acredita no futuro.<\/p>\n<h2 data-start=\"3230\" data-end=\"3290\">Seu Futuro Tamb\u00e9m Pode Decolar de S\u00e3o Paulo<\/h2>\n<p data-start=\"3291\" data-end=\"3383\">Se voc\u00ea sonha em <a href=\"https:\/\/www.ceabbrasil.com.br\/blog\/comissario-de-bordo-salario-carreira-formacao\/\">trabalhar na avia\u00e7\u00e3o<\/a>, n\u00e3o existe cen\u00e1rio mais estrat\u00e9gico do que S\u00e3o Paulo.<\/p>\n<p data-start=\"3385\" data-end=\"3578\">Prepare-se para fazer parte do setor que move a cidade e conecta o Brasil ao mundo.<br data-start=\"3475\" data-end=\"3478\" \/>Conhe\u00e7a os cursos do CEAB Brasil e inicie sua jornada com quem entende de avia\u00e7\u00e3o de verdade.<\/p>\n<p data-start=\"3580\" data-end=\"3681\">S\u00e3o Paulo faz anivers\u00e1rio.<br data-start=\"3609\" data-end=\"3612\" \/>A avia\u00e7\u00e3o segue crescendo.<br data-start=\"3641\" data-end=\"3644\" \/>E o seu futuro pode come\u00e7ar agora.<\/p>\n<p data-start=\"3580\" data-end=\"3681\"><a href=\"https:\/\/api.whatsapp.com\/send?phone=5511961461000&amp;text=Ol%C3%A1%2C%20vim%20atrav%C3%A9s%20do%20blog%20do%20CEAB%20e%20gostaria%20de%20mais%20informa%C3%A7%C3%B5es%20sobre%20o%20curso%20de%3A\" target=\"_blank\" rel=\"noopener\"><img decoding=\"async\" class=\"aligncenter wp-image-3641 size-full\" src=\"https:\/\/www.ceabbrasil.com.br\/blog\/wp-content\/uploads\/2024\/01\/botao-whatsapp-300x88-1-4.webp\" alt=\"WhatsApp CEAB Brasil\" width=\"300\" height=\"88\" title=\"\"><\/a><\/p>\n<h2 data-start=\"3688\" data-end=\"3721\">Perguntas Frequentes<\/h2>\n<h3 data-start=\"3723\" data-end=\"3794\">1. Por que S\u00e3o Paulo \u00e9 t\u00e3o importante para a avia\u00e7\u00e3o brasileira<\/h3>\n<p data-start=\"3795\" data-end=\"3895\">Porque concentra os principais aeroportos, companhias a\u00e9reas e o maior fluxo de passageiros do pa\u00eds.<\/p>\n<h3 data-start=\"3897\" data-end=\"3955\">2. S\u00e3o Paulo oferece mais oportunidades na avia\u00e7\u00e3o<\/h3>\n<p data-start=\"3956\" data-end=\"4028\">Sim. A cidade re\u00fane mais voos, mais empresas e mais processos seletivos.<\/p>\n<h3 data-start=\"4030\" data-end=\"4089\">3. \u00c9 poss\u00edvel iniciar a carreira a\u00e9rea em S\u00e3o Paulo<\/h3>\n<p data-start=\"4090\" data-end=\"4165\">Sim. \u00c9 um dos melhores lugares do Brasil para come\u00e7ar e crescer na avia\u00e7\u00e3o.<\/p>\n<h3 data-start=\"4167\" data-end=\"4230\">4. Preciso morar em S\u00e3o Paulo para trabalhar na avia\u00e7\u00e3o<\/h3>\n<p data-start=\"4231\" data-end=\"4313\">N\u00e3o obrigatoriamente, mas estar pr\u00f3ximo facilita acesso a sele\u00e7\u00f5es e treinamentos.<\/p>\n<h3 data-start=\"4315\" data-end=\"4363\">5. Quais carreiras se destacam na cidade<\/h3>\n<p data-start=\"4364\" data-end=\"4442\">Comiss\u00e1rio de bordo e agente de aeroporto s\u00e3o as principais portas de entrada.<\/p>\n<p><iframe title=\"Comiss\u00e1rio de Bordo: Import\u00e2ncia de vir para S\u00e3o Paulo\" width=\"1200\" height=\"675\" src=\"https:\/\/www.youtube.com\/embed\/m0xdK9o1Q9E?feature=oembed\" frameborder=\"0\" allow=\"accelerometer; autoplay; clipboard-write; encrypted-media; gyroscope; picture-in-picture; web-share\" referrerpolicy=\"strict-origin-when-cross-origin\" allowfullscreen><\/iframe><\/p>\n","protected":false},"excerpt":{"rendered":"<p>Celebrar S\u00e3o Paulo: 472 anos \u00e9 celebrar movimento, conex\u00f5es e futuro. A cidade que pulsa 24 horas por dia tamb\u00e9m \u00e9 o maior motor da avia\u00e7\u00e3o brasileira. Aqui, neg\u00f3cios encontram turismo, sonhos ganham asas e milh\u00f5es de pessoas cruzam o pa\u00eds e o mundo todos os anos. N\u00e3o \u00e9 exagero dizer que S\u00e3o Paulo sustenta &#8230; <a title=\"S\u00e3o Paulo: 472 Anos. O Cora\u00e7\u00e3o da Avia\u00e7\u00e3o Nacional\" class=\"read-more\" href=\"https:\/\/www.ceabbrasil.com.br\/blog\/sao-paulo-472-anos-aviacao-brasileira\/\" aria-label=\"Read more about S\u00e3o Paulo: 472 Anos. O Cora\u00e7\u00e3o da Avia\u00e7\u00e3o Nacional\">Ler mais<\/a><\/p>\n","protected":false},"author":19,"featured_media":11398,"comment_status":"open","ping_status":"open","sticky":false,"template":"","format":"standard","meta":{"footnotes":""},"categories":[13],"tags":[],"class_list":["post-11396","post","type-post","status-publish","format-standard","has-post-thumbnail","hentry","category-comissario-de-bordo"],"jetpack_featured_media_url":"https:\/\/www.ceabbrasil.com.br\/blog\/wp-content\/uploads\/2026\/01\/Sao-Paulo-472-anos.avif","_links":{"self":[{"href":"https:\/\/www.ceabbrasil.com.br\/blog\/wp-json\/wp\/v2\/posts\/11396","targetHints":{"allow":["GET"]}}],"collection":[{"href":"https:\/\/www.ceabbrasil.com.br\/blog\/wp-json\/wp\/v2\/posts"}],"about":[{"href":"https:\/\/www.ceabbrasil.com.br\/blog\/wp-json\/wp\/v2\/types\/post"}],"author":[{"embeddable":true,"href":"https:\/\/www.ceabbrasil.com.br\/blog\/wp-json\/wp\/v2\/users\/19"}],"replies":[{"embeddable":true,"href":"https:\/\/www.ceabbrasil.com.br\/blog\/wp-json\/wp\/v2\/comments?post=11396"}],"version-history":[{"count":1,"href":"https:\/\/www.ceabbrasil.com.br\/blog\/wp-json\/wp\/v2\/posts\/11396\/revisions"}],"predecessor-version":[{"id":11399,"href":"https:\/\/www.ceabbrasil.com.br\/blog\/wp-json\/wp\/v2\/posts\/11396\/revisions\/11399"}],"wp:featuredmedia":[{"embeddable":true,"href":"https:\/\/www.ceabbrasil.com.br\/blog\/wp-json\/wp\/v2\/media\/11398"}],"wp:attachment":[{"href":"https:\/\/www.ceabbrasil.com.br\/blog\/wp-json\/wp\/v2\/media?parent=11396"}],"wp:term":[{"taxonomy":"category","embeddable":true,"href":"https:\/\/www.ceabbrasil.com.br\/blog\/wp-json\/wp\/v2\/categories?post=11396"},{"taxonomy":"post_tag","embeddable":true,"href":"https:\/\/www.ceabbrasil.com.br\/blog\/wp-json\/wp\/v2\/tags?post=11396"}],"curies":[{"name":"wp","href":"https:\/\/api.w.org\/{rel}","templated":true}]}}