{"id":11595,"date":"2026-03-11T08:21:50","date_gmt":"2026-03-11T11:21:50","guid":{"rendered":"https:\/\/www.ceabbrasil.com.br\/blog\/?p=11595"},"modified":"2026-03-11T08:21:50","modified_gmt":"2026-03-11T11:21:50","slug":"historia-do-aeroporto-afonso-pena","status":"publish","type":"post","link":"https:\/\/www.ceabbrasil.com.br\/blog\/historia-do-aeroporto-afonso-pena\/","title":{"rendered":"Hist\u00f3ria do Aeroporto Afonso Pena: Um Marco da Avia\u00e7\u00e3o no Sul do Brasil"},"content":{"rendered":"<p data-start=\"147\" data-end=\"454\">O <span class=\"hover:entity-accent entity-underline inline cursor-pointer align-baseline\"><span class=\"whitespace-normal\">Aeroporto Internacional Afonso Pena<\/span><\/span>, localizado na regi\u00e3o metropolitana de <a href=\"https:\/\/www.ceabbrasil.com.br\/blog\/comissario-de-bordo-em-curitiba\/\">Curitiba<\/a>, \u00e9 hoje um dos aeroportos mais importantes do Sul do Brasil. Moderno, estrat\u00e9gico e em constante evolu\u00e7\u00e3o, ele desempenha um papel essencial na conex\u00e3o do Paran\u00e1 com o restante do pa\u00eds e com destinos internacionais.<\/p>\n<p data-start=\"456\" data-end=\"614\">Mas a hist\u00f3ria do Afonso Pena vai muito al\u00e9m de pistas e terminais. Ela acompanha o crescimento da avia\u00e7\u00e3o brasileira e o desenvolvimento econ\u00f4mico do estado.<\/p>\n<h2 data-section-id=\"1bpsyd4\" data-start=\"621\" data-end=\"663\">As Origens do Aeroporto Afonso Pena<\/h2>\n<p data-start=\"664\" data-end=\"916\">A hist\u00f3ria do aeroporto come\u00e7a na d\u00e9cada de 1940, quando a regi\u00e3o de S\u00e3o Jos\u00e9 dos Pinhais passou a ser utilizada para opera\u00e7\u00f5es a\u00e9reas. O crescimento da avia\u00e7\u00e3o comercial exigia estruturas mais robustas para atender \u00e0s demandas de passageiros e cargas.<\/p>\n<p data-start=\"918\" data-end=\"1061\">Com o passar dos anos, a \u00e1rea foi sendo ampliada e modernizada, dando origem ao que hoje conhecemos como o Aeroporto Internacional Afonso Pena.<\/p>\n<p data-start=\"1063\" data-end=\"1238\">O nome do aeroporto \u00e9 uma homenagem a <span class=\"hover:entity-accent entity-underline inline cursor-pointer align-baseline\"><span class=\"whitespace-normal\">Afonso Pena<\/span><\/span>, presidente do Brasil entre 1906 e 1909, reconhecido por seu papel no desenvolvimento nacional.<\/p>\n<p data-start=\"1063\" data-end=\"1238\"><img fetchpriority=\"high\" decoding=\"async\" class=\"aligncenter size-medium wp-image-11285\" src=\"https:\/\/www.ceabbrasil.com.br\/blog\/wp-content\/uploads\/2025\/12\/Aeroporto-Afonso-Pena-300x200.avif\" alt=\"Aeroporto Afonso Pena\" width=\"300\" height=\"200\" title=\"\" srcset=\"https:\/\/www.ceabbrasil.com.br\/blog\/wp-content\/uploads\/2025\/12\/Aeroporto-Afonso-Pena-300x200.avif 300w, https:\/\/www.ceabbrasil.com.br\/blog\/wp-content\/uploads\/2025\/12\/Aeroporto-Afonso-Pena.avif 720w\" sizes=\"(max-width: 300px) 100vw, 300px\" \/><\/p>\n<h2 data-section-id=\"vmhg1i\" data-start=\"1245\" data-end=\"1278\">Crescimento e Moderniza\u00e7\u00e3o<\/h2>\n<p data-start=\"1279\" data-end=\"1452\">Ao longo das d\u00e9cadas, o aeroporto passou por diversas expans\u00f5es e melhorias. A infraestrutura foi sendo adaptada para acompanhar o crescimento do transporte a\u00e9reo no Brasil.<\/p>\n<p data-start=\"1454\" data-end=\"1490\">Entre as principais evolu\u00e7\u00f5es est\u00e3o:<\/p>\n<ul data-start=\"1492\" data-end=\"1730\">\n<li data-section-id=\"1l5z37g\" data-start=\"1492\" data-end=\"1535\">Amplia\u00e7\u00e3o da pista de pouso e decolagem<\/li>\n<li data-section-id=\"er52nh\" data-start=\"1536\" data-end=\"1584\">Constru\u00e7\u00e3o de novos terminais de passageiros<\/li>\n<li data-section-id=\"1scumhr\" data-start=\"1585\" data-end=\"1633\">Moderniza\u00e7\u00e3o dos sistemas de navega\u00e7\u00e3o a\u00e9rea<\/li>\n<li data-section-id=\"bove1d\" data-start=\"1634\" data-end=\"1682\">Expans\u00e3o das \u00e1reas de embarque e desembarque<\/li>\n<li data-section-id=\"kiwac0\" data-start=\"1683\" data-end=\"1730\">Melhorias em log\u00edstica e opera\u00e7\u00f5es de carga<\/li>\n<\/ul>\n<p data-start=\"1732\" data-end=\"1865\">Essas mudan\u00e7as transformaram o Afonso Pena em um aeroporto altamente eficiente e preparado para o aumento constante da demanda a\u00e9rea.<\/p>\n<h2 data-section-id=\"ko6tk3\" data-start=\"1872\" data-end=\"1902\">Reconhecimento Nacional<\/h2>\n<p data-start=\"1903\" data-end=\"2022\">O aeroporto j\u00e1 foi reconhecido diversas vezes como um dos melhores do Brasil em qualidade de servi\u00e7os e infraestrutura.<\/p>\n<p data-start=\"2024\" data-end=\"2067\">Esse reconhecimento se deve a fatores como:<\/p>\n<ul>\n<li data-start=\"2069\" data-end=\"2223\">Organiza\u00e7\u00e3o operacional<\/li>\n<li data-start=\"2069\" data-end=\"2223\">Qualidade no atendimento ao passageiro<\/li>\n<li data-start=\"2069\" data-end=\"2223\">Estrutura moderna e eficiente<\/li>\n<li data-start=\"2069\" data-end=\"2223\">Conectividade com importantes centros do pa\u00eds<\/li>\n<\/ul>\n<p data-start=\"2225\" data-end=\"2326\">Hoje, o Afonso Pena \u00e9 considerado um dos aeroportos mais bem avaliados pelos passageiros brasileiros.<\/p>\n<h2 data-section-id=\"1li6qfi\" data-start=\"2333\" data-end=\"2376\">Import\u00e2ncia para a Avia\u00e7\u00e3o do Paran\u00e1<\/h2>\n<p data-start=\"2377\" data-end=\"2459\">O Aeroporto Internacional Afonso Pena \u00e9 o principal hub a\u00e9reo do estado do Paran\u00e1.<\/p>\n<p data-start=\"2461\" data-end=\"2514\">Ele conecta Curitiba e regi\u00e3o a grandes centros como:<\/p>\n<ul data-start=\"2516\" data-end=\"2596\">\n<li data-section-id=\"1ammhn4\" data-start=\"2516\" data-end=\"2529\">S\u00e3o Paulo<\/li>\n<li data-section-id=\"1umrosp\" data-start=\"2530\" data-end=\"2548\">Rio de Janeiro<\/li>\n<li data-section-id=\"1uspxr7\" data-start=\"2549\" data-end=\"2561\">Bras\u00edlia<\/li>\n<li data-section-id=\"houyva\" data-start=\"2562\" data-end=\"2578\">Porto Alegre<\/li>\n<li data-section-id=\"1d0obvn\" data-start=\"2579\" data-end=\"2596\">Florian\u00f3polis<\/li>\n<\/ul>\n<p data-start=\"2598\" data-end=\"2716\">Al\u00e9m disso, opera voos internacionais e desempenha papel importante no turismo, nos neg\u00f3cios e na log\u00edstica de cargas.<\/p>\n<p data-start=\"2718\" data-end=\"2825\">Essa movimenta\u00e7\u00e3o gera milhares de empregos diretos e indiretos, fortalecendo o setor da avia\u00e7\u00e3o na regi\u00e3o.<\/p>\n<h2 data-section-id=\"1x39rxo\" data-start=\"2832\" data-end=\"2898\">O Aeroporto Como Porta de Entrada para Carreiras na Avia\u00e7\u00e3o<\/h2>\n<p data-start=\"2899\" data-end=\"3004\">Com o crescimento do aeroporto, cresce tamb\u00e9m a demanda por profissionais preparados para atuar no setor.<\/p>\n<p data-start=\"3006\" data-end=\"3046\">Entre as principais oportunidades est\u00e3o:<\/p>\n<ul data-start=\"3048\" data-end=\"3204\">\n<li data-section-id=\"1qwpzbd\" data-start=\"3048\" data-end=\"3072\">Agentes de aeroporto<\/li>\n<li data-section-id=\"986xdf\" data-start=\"3073\" data-end=\"3097\">Comiss\u00e1rios de bordo<\/li>\n<li data-section-id=\"gtpsba\" data-start=\"3098\" data-end=\"3130\">Profissionais de atendimento<\/li>\n<li data-section-id=\"o9yl7u\" data-start=\"3131\" data-end=\"3155\">Equipes de opera\u00e7\u00f5es<\/li>\n<li data-section-id=\"p4j589\" data-start=\"3156\" data-end=\"3204\">Especialistas em log\u00edstica e seguran\u00e7a a\u00e9rea<\/li>\n<\/ul>\n<p data-start=\"3206\" data-end=\"3310\">Para quem sonha em trabalhar na avia\u00e7\u00e3o, o Afonso Pena representa um verdadeiro centro de oportunidades.<\/p>\n<h2 data-section-id=\"5eeczd\" data-start=\"3317\" data-end=\"3372\">Prepare-se Para Fazer Parte da Avia\u00e7\u00e3o<\/h2>\n<p data-start=\"3373\" data-end=\"3525\">Se voc\u00ea se inspira na hist\u00f3ria de aeroportos como o Afonso Pena e deseja construir uma carreira nesse setor fascinante, o primeiro passo \u00e9 a prepara\u00e7\u00e3o.<\/p>\n<p data-start=\"3527\" data-end=\"3723\">Conhe\u00e7a os cursos do CEAB Brasil.<br data-start=\"3567\" data-end=\"3570\" \/>Estude com uma das <a href=\"https:\/\/www.ceabbrasil.com.br\/blog\/ceab-curitiba-e-oficialmente-inaugurada\/\">escolas de avia\u00e7\u00e3o<\/a> mais tradicionais do pa\u00eds.<br data-start=\"3637\" data-end=\"3640\" \/>Prepare-se para atuar em aeroportos, companhias a\u00e9reas e opera\u00e7\u00f5es aeron\u00e1uticas.<\/p>\n<p data-start=\"3725\" data-end=\"3810\">O aeroporto cresce.<br data-start=\"3747\" data-end=\"3750\" \/>A avia\u00e7\u00e3o evolui.<br data-start=\"3770\" data-end=\"3773\" \/>E o seu futuro pode decolar agora.<\/p>\n<p data-start=\"3725\" data-end=\"3810\"><a href=\"https:\/\/wa.me\/5541988194931?text=Ol%C3%A1%2C%20vim%20atrav%C3%A9s%20do%20blog%20do%20CEAB%20Curitiba%20e%20gostaria%20de%20mais%20informa%C3%A7%C3%B5es%20sobre%20o%20curso%20de%3A\" target=\"_blank\" rel=\"noopener\"><img decoding=\"async\" class=\"aligncenter wp-image-3641 size-full\" src=\"https:\/\/www.ceabbrasil.com.br\/blog\/wp-content\/uploads\/2024\/01\/botao-whatsapp-300x88-1-4.webp\" alt=\"WhatsApp CEAB Brasil\" width=\"300\" height=\"88\" title=\"\"><\/a><\/p>\n<h2 data-section-id=\"1wolajq\" data-start=\"3817\" data-end=\"3850\">Perguntas Frequentes<\/h2>\n<h3 data-section-id=\"1pcakzv\" data-start=\"3852\" data-end=\"3897\">1. Onde fica o Aeroporto Afonso Pena?<\/h3>\n<p data-start=\"3898\" data-end=\"3987\">Ele est\u00e1 localizado em S\u00e3o Jos\u00e9 dos Pinhais, na regi\u00e3o metropolitana de Curitiba, Paran\u00e1.<\/p>\n<h3 data-section-id=\"1ci5mu4\" data-start=\"3989\" data-end=\"4034\">2. Por que o aeroporto tem esse nome?<\/h3>\n<p data-start=\"4035\" data-end=\"4092\">O nome homenageia o ex-presidente brasileiro Afonso Pena.<\/p>\n<h3 data-section-id=\"1hmj6qb\" data-start=\"4094\" data-end=\"4143\">3. O aeroporto opera voos internacionais?<\/h3>\n<p data-start=\"4144\" data-end=\"4198\">Sim. Ele possui opera\u00e7\u00f5es internacionais e dom\u00e9sticas.<\/p>\n<h3 data-section-id=\"16yx0ut\" data-start=\"4200\" data-end=\"4257\">4. Qual a import\u00e2ncia do aeroporto para o Paran\u00e1?<\/h3>\n<p data-start=\"4258\" data-end=\"4336\">Ele \u00e9 o principal aeroporto do estado e um dos mais importantes da regi\u00e3o Sul.<\/p>\n<h3 data-section-id=\"119b7fy\" data-start=\"4338\" data-end=\"4392\">5. O aeroporto gera oportunidades de trabalho?<\/h3>\n<p data-start=\"4393\" data-end=\"4461\">Sim. O crescimento da avia\u00e7\u00e3o gera vagas em diversas \u00e1reas do setor.<\/p>\n<h3 data-section-id=\"as7uk0\" data-start=\"4463\" data-end=\"4517\">6. Como posso come\u00e7ar uma carreira na avia\u00e7\u00e3o?<\/h3>\n<p data-start=\"4518\" data-end=\"4596\">O primeiro passo \u00e9 investir em forma\u00e7\u00e3o especializada em escolas reconhecidas.<\/p>\n<p><iframe title=\"10 Motivos para ser Comiss\u00e1rio de Bordo #comissariodebordo\" width=\"1200\" height=\"675\" src=\"https:\/\/www.youtube.com\/embed\/RaruetBi744?feature=oembed\" frameborder=\"0\" allow=\"accelerometer; autoplay; clipboard-write; encrypted-media; gyroscope; picture-in-picture; web-share\" referrerpolicy=\"strict-origin-when-cross-origin\" allowfullscreen><\/iframe><\/p>\n","protected":false},"excerpt":{"rendered":"<p>O Aeroporto Internacional Afonso Pena, localizado na regi\u00e3o metropolitana de Curitiba, \u00e9 hoje um dos aeroportos mais importantes do Sul do Brasil. Moderno, estrat\u00e9gico e em constante evolu\u00e7\u00e3o, ele desempenha um papel essencial na conex\u00e3o do Paran\u00e1 com o restante do pa\u00eds e com destinos internacionais. Mas a hist\u00f3ria do Afonso Pena vai muito al\u00e9m &#8230; <a title=\"Hist\u00f3ria do Aeroporto Afonso Pena: Um Marco da Avia\u00e7\u00e3o no Sul do Brasil\" class=\"read-more\" href=\"https:\/\/www.ceabbrasil.com.br\/blog\/historia-do-aeroporto-afonso-pena\/\" aria-label=\"Read more about Hist\u00f3ria do Aeroporto Afonso Pena: Um Marco da Avia\u00e7\u00e3o no Sul do Brasil\">Ler mais<\/a><\/p>\n","protected":false},"author":19,"featured_media":8449,"comment_status":"open","ping_status":"open","sticky":false,"template":"","format":"standard","meta":{"footnotes":""},"categories":[1],"tags":[],"class_list":["post-11595","post","type-post","status-publish","format-standard","has-post-thumbnail","hentry","category-sem-categoria"],"jetpack_featured_media_url":"https:\/\/www.ceabbrasil.com.br\/blog\/wp-content\/uploads\/2025\/06\/afonso-pena.avif","_links":{"self":[{"href":"https:\/\/www.ceabbrasil.com.br\/blog\/wp-json\/wp\/v2\/posts\/11595","targetHints":{"allow":["GET"]}}],"collection":[{"href":"https:\/\/www.ceabbrasil.com.br\/blog\/wp-json\/wp\/v2\/posts"}],"about":[{"href":"https:\/\/www.ceabbrasil.com.br\/blog\/wp-json\/wp\/v2\/types\/post"}],"author":[{"embeddable":true,"href":"https:\/\/www.ceabbrasil.com.br\/blog\/wp-json\/wp\/v2\/users\/19"}],"replies":[{"embeddable":true,"href":"https:\/\/www.ceabbrasil.com.br\/blog\/wp-json\/wp\/v2\/comments?post=11595"}],"version-history":[{"count":1,"href":"https:\/\/www.ceabbrasil.com.br\/blog\/wp-json\/wp\/v2\/posts\/11595\/revisions"}],"predecessor-version":[{"id":11596,"href":"https:\/\/www.ceabbrasil.com.br\/blog\/wp-json\/wp\/v2\/posts\/11595\/revisions\/11596"}],"wp:featuredmedia":[{"embeddable":true,"href":"https:\/\/www.ceabbrasil.com.br\/blog\/wp-json\/wp\/v2\/media\/8449"}],"wp:attachment":[{"href":"https:\/\/www.ceabbrasil.com.br\/blog\/wp-json\/wp\/v2\/media?parent=11595"}],"wp:term":[{"taxonomy":"category","embeddable":true,"href":"https:\/\/www.ceabbrasil.com.br\/blog\/wp-json\/wp\/v2\/categories?post=11595"},{"taxonomy":"post_tag","embeddable":true,"href":"https:\/\/www.ceabbrasil.com.br\/blog\/wp-json\/wp\/v2\/tags?post=11595"}],"curies":[{"name":"wp","href":"https:\/\/api.w.org\/{rel}","templated":true}]}}