{"id":8383,"date":"2025-05-31T08:03:48","date_gmt":"2025-05-31T11:03:48","guid":{"rendered":"https:\/\/www.ceabbrasil.com.br\/blog\/?p=8383"},"modified":"2025-07-19T08:26:22","modified_gmt":"2025-07-19T11:26:22","slug":"dia-do-comissario-de-bordo-podcast-especial","status":"publish","type":"post","link":"https:\/\/www.ceabbrasil.com.br\/blog\/dia-do-comissario-de-bordo-podcast-especial\/","title":{"rendered":"Dia do Comiss\u00e1rio de Bordo &#8211; Podcast Especial"},"content":{"rendered":"<p data-start=\"226\" data-end=\"501\">O Dia do Comiss\u00e1rio de Bordo \u00e9 celebrado em <strong data-start=\"270\" data-end=\"284\">31 de maio<\/strong> e vai muito al\u00e9m de uma simples data comemorativa. \u00c9 o momento de reconhecer o papel essencial desses <a href=\"https:\/\/www.ceabbrasil.com.br\/blog\/9-requisitos-para-ser-um-comissario-de-bordo\/\">profissionais na avia\u00e7\u00e3o<\/a> \u2013 aqueles que cuidam da seguran\u00e7a, do conforto e do bem-estar dos passageiros a cada voo.<\/p>\n<p data-start=\"503\" data-end=\"784\">Ser comiss\u00e1rio de bordo exige mais do que um sorriso no rosto. \u00c9 preciso ter preparo t\u00e9cnico, equil\u00edbrio emocional e, acima de tudo, paix\u00e3o por servir com excel\u00eancia. Se voc\u00ea est\u00e1 se formando ou sonha com essa profiss\u00e3o, aproveite este conte\u00fado especial em homenagem ao seu futuro!<\/p>\n<h2 data-start=\"503\" data-end=\"784\">Dia do Comiss\u00e1rio de Bordo \u2013 Uma Homenagem a Quem Faz do C\u00e9u um Lugar Mais Seguro e Acolhedor<\/h2>\n<h3 data-start=\"786\" data-end=\"841\">1. A Hist\u00f3ria por Tr\u00e1s do Dia do Comiss\u00e1rio de Bordo<\/h3>\n<p data-start=\"843\" data-end=\"1081\">Voc\u00ea sabia que o primeiro comiss\u00e1rio de bordo foi contratado em 1930? Desde ent\u00e3o, a profiss\u00e3o evoluiu muito. No Brasil, a data foi escolhida para valorizar esses profissionais que se dedicam diariamente a cuidar dos passageiros nos ares.<\/p>\n<p data-start=\"1083\" data-end=\"1297\">\ud83d\udccc O comiss\u00e1rio de bordo \u00e9 a ponte entre a cabine e os passageiros.<br data-start=\"1150\" data-end=\"1153\" \/>\ud83d\udccc \u00c9 o respons\u00e1vel por garantir que todos estejam seguros e bem informados.<br data-start=\"1228\" data-end=\"1231\" \/>\ud83d\udccc Tamb\u00e9m \u00e9 treinado para agir com rapidez em emerg\u00eancias a bordo.<\/p>\n<h3 data-start=\"1299\" data-end=\"1349\">2. O Que Torna um Comiss\u00e1rio de Bordo Especial?<\/h3>\n<p data-start=\"1351\" data-end=\"1497\">Mais do que atender bem, o comiss\u00e1rio precisa saber agir sob press\u00e3o, manter a calma em situa\u00e7\u00f5es adversas e ser um verdadeiro exemplo de empatia.<\/p>\n<p data-start=\"1499\" data-end=\"1534\"><strong>\u2728 Qualidades que fazem a diferen\u00e7a:<\/strong><\/p>\n<p data-start=\"1536\" data-end=\"1673\">\ud83e\udde0 Treinamento t\u00e9cnico rigoroso<br data-start=\"1567\" data-end=\"1570\" \/>\ud83e\udd1d Esp\u00edrito de equipe<br data-start=\"1591\" data-end=\"1594\" \/>\ud83d\udde3\ufe0f Excelente comunica\u00e7\u00e3o<br data-start=\"1619\" data-end=\"1622\" \/>\ud83e\uddd8\u200d\u2640\ufe0f Controle emocional<br data-start=\"1646\" data-end=\"1649\" \/>\ud83d\udc41\ufe0f Aten\u00e7\u00e3o aos detalhes<\/p>\n<p data-start=\"1675\" data-end=\"1762\">Essas habilidades s\u00e3o desenvolvidas durante o curso e aprimoradas ao longo da carreira!<\/p>\n<p data-start=\"1675\" data-end=\"1762\"><img decoding=\"async\" class=\"aligncenter wp-image-8674 size-medium\" title=\"Dia do Comiss\u00e1rio de Bordo\" src=\"https:\/\/www.ceabbrasil.com.br\/blog\/wp-content\/uploads\/2025\/05\/dia-do-comissario-de-bordo-1-300x164.avif\" alt=\"Dia do Comiss\u00e1rio de Bordo\" width=\"300\" height=\"164\" srcset=\"https:\/\/www.ceabbrasil.com.br\/blog\/wp-content\/uploads\/2025\/05\/dia-do-comissario-de-bordo-1-300x164.avif 300w, https:\/\/www.ceabbrasil.com.br\/blog\/wp-content\/uploads\/2025\/05\/dia-do-comissario-de-bordo-1-1024x559.avif 1024w, https:\/\/www.ceabbrasil.com.br\/blog\/wp-content\/uploads\/2025\/05\/dia-do-comissario-de-bordo-1-768x419.avif 768w, https:\/\/www.ceabbrasil.com.br\/blog\/wp-content\/uploads\/2025\/05\/dia-do-comissario-de-bordo-1.avif 1408w\" sizes=\"(max-width: 300px) 100vw, 300px\" \/><\/p>\n<h3 data-start=\"1764\" data-end=\"1813\">3. Como Celebrar o Dia do Comiss\u00e1rio de Bordo?<\/h3>\n<p data-start=\"1815\" data-end=\"1919\">Se voc\u00ea j\u00e1 \u00e9 aluno ou sonha em entrar nessa carreira, celebre esse dia com atitude! Veja algumas ideias:<\/p>\n<p data-start=\"1921\" data-end=\"2257\">\ud83c\udf89 Parabenize colegas e instrutores que inspiram voc\u00ea.<br data-start=\"1975\" data-end=\"1978\" \/>\ud83d\udcf8 Poste uma homenagem nas redes sociais marcando @ceabbrasil.<br data-start=\"2040\" data-end=\"2043\" \/>\ud83d\udcda Estude com mais motiva\u00e7\u00e3o pensando na import\u00e2ncia do seu futuro papel.<br data-start=\"2116\" data-end=\"2119\" \/>\ud83d\udcfa Assista a document\u00e1rios ou entrevistas sobre a profiss\u00e3o.<br data-start=\"2179\" data-end=\"2182\" \/>\ud83d\udc99 Reforce seu compromisso com a excel\u00eancia e o cuidado com os passageiros.<\/p>\n<h3 data-start=\"2259\" data-end=\"2316\">4. Para os Futuros Comiss\u00e1rios: Seu Lugar Est\u00e1 no C\u00e9u!<\/h3>\n<p data-start=\"2318\" data-end=\"2553\">Se voc\u00ea est\u00e1 no caminho para se tornar comiss\u00e1rio de bordo, saiba que est\u00e1 escolhendo uma profiss\u00e3o admirada e essencial para a avia\u00e7\u00e3o mundial. O Dia do Comiss\u00e1rio \u00e9 tamb\u00e9m o seu dia \u2013 uma motiva\u00e7\u00e3o extra para seguir firme na jornada.<\/p>\n<p data-start=\"2555\" data-end=\"2700\">\u2705 Continue estudando com dedica\u00e7\u00e3o.<br data-start=\"2590\" data-end=\"2593\" \/>\u2705 Acredite no seu potencial.<br data-start=\"2621\" data-end=\"2624\" \/>\u2705 Imagine-se uniformizado, recebendo os passageiros com seguran\u00e7a e carinho.<\/p>\n<p>Acesse nosso <a href=\"https:\/\/www.instagram.com\/ceabbrasil\" target=\"_blank\" rel=\"noopener\">Instagram<\/a> e fique por dentro do que acontece no mundo da avia\u00e7\u00e3o.<\/p>\n<h3 data-start=\"116\" data-end=\"184\">Podcast Especial: Inspira\u00e7\u00e3o de Quem Vive a Avia\u00e7\u00e3o na Pr\u00e1tica<\/h3>\n<p data-start=\"186\" data-end=\"486\">Durante o M\u00eas do Comiss\u00e1rio de Bordo, o CEAB Brasil lan\u00e7ou um epis\u00f3dio especial do podcast com dois grandes nomes da avia\u00e7\u00e3o: <strong data-start=\"312\" data-end=\"332\">Salmeron Cardoso<\/strong> e <strong data-start=\"335\" data-end=\"352\">Celso Savazzi<\/strong>. Com anos de experi\u00eancia como comiss\u00e1rios, eles compartilharam hist\u00f3rias reais e dicas valiosas para quem est\u00e1 entrando na profiss\u00e3o.<\/p>\n<p data-start=\"488\" data-end=\"533\"><strong>\ud83c\udf99\ufe0f O que voc\u00ea vai encontrar nesse bate-papo:<\/strong><\/p>\n<p data-start=\"535\" data-end=\"744\">\u2705 Os maiores desafios e aprendizados da vida a bordo<br data-start=\"587\" data-end=\"590\" \/>\u2705 Bastidores que s\u00f3 quem voa conhece<br data-start=\"626\" data-end=\"629\" \/>\u2705 Conselhos para quem sonha em entrar na avia\u00e7\u00e3o<br data-start=\"677\" data-end=\"680\" \/>\u2705 A import\u00e2ncia da postura profissional e da prepara\u00e7\u00e3o cont\u00ednua<\/p>\n<p><a href=\"https:\/\/api.whatsapp.com\/send?phone=5511961461000&amp;text=Ol%C3%A1%2C%20vim%20atrav%C3%A9s%20do%20blog%20do%20CEAB%20e%20gostaria%20de%20mais%20informa%C3%A7%C3%B5es%20sobre%20o%20curso%20de%3A\" target=\"_blank\" rel=\"noopener\"><img decoding=\"async\" class=\"aligncenter wp-image-3641 size-full\" src=\"https:\/\/www.ceabbrasil.com.br\/blog\/wp-content\/uploads\/2024\/01\/botao-whatsapp-300x88-1-4.webp\" alt=\"WhatsApp CEAB Brasil\" width=\"300\" height=\"88\" title=\"\"><\/a><\/p>\n<p data-start=\"746\" data-end=\"874\">\ud83c\udfa7 \u00c9 um conte\u00fado essencial para se inspirar e entender ainda mais sobre a rotina e a responsabilidade de um comiss\u00e1rio de bordo.<\/p>\n<p data-start=\"876\" data-end=\"1012\">\ud83d\udc49 <strong data-start=\"879\" data-end=\"887\">Dica<\/strong>: Ou\u00e7a o podcast e anote os aprendizados que podem te ajudar durante o curso e na futura entrevista com as companhias a\u00e9reas!<\/p>\n<p><a href=\"tel:08001912422\"><img decoding=\"async\" class=\"aligncenter wp-image-7371 size-medium\" src=\"https:\/\/www.ceabbrasil.com.br\/blog\/wp-content\/uploads\/2024\/11\/TELFONE-300x79.png\" alt=\"\" width=\"300\" height=\"79\" title=\"\" srcset=\"https:\/\/www.ceabbrasil.com.br\/blog\/wp-content\/uploads\/2024\/11\/TELFONE-300x79.png 300w, https:\/\/www.ceabbrasil.com.br\/blog\/wp-content\/uploads\/2024\/11\/TELFONE-230x60.png 230w, https:\/\/www.ceabbrasil.com.br\/blog\/wp-content\/uploads\/2024\/11\/TELFONE.png 313w\" sizes=\"(max-width: 300px) 100vw, 300px\" \/><\/a><\/p>\n<h3 data-start=\"2707\" data-end=\"2761\">\ud83d\udce2 Fa\u00e7a Parte Dessa Profiss\u00e3o Incr\u00edvel com o CEAB!<\/h3>\n<p data-start=\"2763\" data-end=\"2922\">Quer celebrar o pr\u00f3ximo Dia do Comiss\u00e1rio de Bordo j\u00e1 com seu <a href=\"https:\/\/www.ceabbrasil.com.br\/blog\/qual-a-importancia-da-certificacao-do-ceab-para-seu-aluno\/\">certificado<\/a> na m\u00e3o? Ent\u00e3o venha para o <strong data-start=\"2864\" data-end=\"2879\">CEAB Brasil<\/strong>, a escola de avia\u00e7\u00e3o refer\u00eancia no Brasil!<\/p>\n<p data-start=\"2924\" data-end=\"3137\">\u2708\ufe0f Curso de Comiss\u00e1rio de Bordo com teoria e pr\u00e1tica<br data-start=\"2976\" data-end=\"2979\" \/>\ud83d\udcda Aulas presenciais e EAD com material exclusivo<br data-start=\"3028\" data-end=\"3031\" \/>\ud83e\uddd1\u200d\ud83c\udfeb Instrutores experientes e suporte completo<br data-start=\"3079\" data-end=\"3082\" \/>\ud83c\udf10 Acesso a eventos, mentorias e oportunidades no setor<\/p>\n<p data-start=\"3139\" data-end=\"3279\">Acesse <a class=\"\" href=\"http:\/\/www.ceabbrasil.com.br\" target=\"_new\" rel=\"noopener\" data-start=\"3146\" data-end=\"3199\">www.ceabbrasil.com.br<\/a> ou ligue para <strong data-start=\"3214\" data-end=\"3231\">0800 191 2422<\/strong> e comece hoje mesmo a se preparar para decolar!<\/p>\n<p><iframe title=\"\ud83c\udf99\ufe0f Podcast Especial | M\u00eas do Comiss\u00e1rio de Bordo com Salmeron Cardoso e Celso Savazzi\" width=\"1200\" height=\"675\" src=\"https:\/\/www.youtube.com\/embed\/gvc08zQrsKQ?feature=oembed\" frameborder=\"0\" allow=\"accelerometer; autoplay; clipboard-write; encrypted-media; gyroscope; picture-in-picture; web-share\" referrerpolicy=\"strict-origin-when-cross-origin\" allowfullscreen><\/iframe><\/p>\n","protected":false},"excerpt":{"rendered":"<p>O Dia do Comiss\u00e1rio de Bordo \u00e9 celebrado em 31 de maio e vai muito al\u00e9m de uma simples data comemorativa. \u00c9 o momento de reconhecer o papel essencial desses profissionais na avia\u00e7\u00e3o \u2013 aqueles que cuidam da seguran\u00e7a, do conforto e do bem-estar dos passageiros a cada voo. Ser comiss\u00e1rio de bordo exige mais &#8230; <a title=\"Dia do Comiss\u00e1rio de Bordo &#8211; Podcast Especial\" class=\"read-more\" href=\"https:\/\/www.ceabbrasil.com.br\/blog\/dia-do-comissario-de-bordo-podcast-especial\/\" aria-label=\"Read more about Dia do Comiss\u00e1rio de Bordo &#8211; Podcast Especial\">Ler mais<\/a><\/p>\n","protected":false},"author":19,"featured_media":8385,"comment_status":"open","ping_status":"open","sticky":false,"template":"","format":"standard","meta":{"footnotes":""},"categories":[13],"tags":[47],"class_list":["post-8383","post","type-post","status-publish","format-standard","has-post-thumbnail","hentry","category-comissario-de-bordo","tag-comissario-de-bordo"],"jetpack_featured_media_url":"https:\/\/www.ceabbrasil.com.br\/blog\/wp-content\/uploads\/2025\/05\/dia-do-comissario-de-bordo.avif","_links":{"self":[{"href":"https:\/\/www.ceabbrasil.com.br\/blog\/wp-json\/wp\/v2\/posts\/8383","targetHints":{"allow":["GET"]}}],"collection":[{"href":"https:\/\/www.ceabbrasil.com.br\/blog\/wp-json\/wp\/v2\/posts"}],"about":[{"href":"https:\/\/www.ceabbrasil.com.br\/blog\/wp-json\/wp\/v2\/types\/post"}],"author":[{"embeddable":true,"href":"https:\/\/www.ceabbrasil.com.br\/blog\/wp-json\/wp\/v2\/users\/19"}],"replies":[{"embeddable":true,"href":"https:\/\/www.ceabbrasil.com.br\/blog\/wp-json\/wp\/v2\/comments?post=8383"}],"version-history":[{"count":7,"href":"https:\/\/www.ceabbrasil.com.br\/blog\/wp-json\/wp\/v2\/posts\/8383\/revisions"}],"predecessor-version":[{"id":8671,"href":"https:\/\/www.ceabbrasil.com.br\/blog\/wp-json\/wp\/v2\/posts\/8383\/revisions\/8671"}],"wp:featuredmedia":[{"embeddable":true,"href":"https:\/\/www.ceabbrasil.com.br\/blog\/wp-json\/wp\/v2\/media\/8385"}],"wp:attachment":[{"href":"https:\/\/www.ceabbrasil.com.br\/blog\/wp-json\/wp\/v2\/media?parent=8383"}],"wp:term":[{"taxonomy":"category","embeddable":true,"href":"https:\/\/www.ceabbrasil.com.br\/blog\/wp-json\/wp\/v2\/categories?post=8383"},{"taxonomy":"post_tag","embeddable":true,"href":"https:\/\/www.ceabbrasil.com.br\/blog\/wp-json\/wp\/v2\/tags?post=8383"}],"curies":[{"name":"wp","href":"https:\/\/api.w.org\/{rel}","templated":true}]}}